{"id":1129,"date":"2019-12-19T16:00:51","date_gmt":"2019-12-19T19:00:51","guid":{"rendered":"https:\/\/www.policiacivil.ma.gov.br\/labld\/?p=1129"},"modified":"2020-12-29T21:52:22","modified_gmt":"2020-12-30T00:52:22","slug":"parceria-entre-a-policia-civil-do-maranhao-e-a-receita-federal-garante-doacao-de-equipamentos-tecnologicos-para-fortalecimento-do-combate-ao-crime","status":"publish","type":"post","link":"https:\/\/www.policiacivil.ma.gov.br\/labld\/parceria-entre-a-policia-civil-do-maranhao-e-a-receita-federal-garante-doacao-de-equipamentos-tecnologicos-para-fortalecimento-do-combate-ao-crime\/","title":{"rendered":"PARCERIA ENTRE A POL\u00cdCIA CIVIL DO MARANH\u00c3O E A RECEITA FEDERAL GARANTE DOA\u00c7\u00c3O DE EQUIPAMENTOS TECNOL\u00d3GICOS PARA FORTALECIMENTO DO COMBATE AO CRIME"},"content":{"rendered":"<p style=\"text-align: justify;\">A Pol\u00edcia Civil do Maranh\u00e3o, por interm\u00e9dio do LAB-LD, firmou parceria com a Receita Federal do Brasil visando o recebimento de doa\u00e7\u00e3o de suprimentos de inform\u00e1tica e eletr\u00f4nicos apreendidos por aquele \u00f3rg\u00e3o fiscal. O material doado \u00e0 Pol\u00edcia Civil na \u00faltima quarta-feira, dia 18\/12\/2019, soma o valor estimado de R$ 100 mil. Todos os equipamentos doados ser\u00e3o incorporados ao patrim\u00f4nio da Pol\u00edcia Civil do Maranh\u00e3o e ser\u00e3o utilizados no fortalecimento das a\u00e7\u00f5es de combate ao crime no estado.<\/p>\n<p style=\"text-align: justify;\">O Diretor do Centro de Intelig\u00eancia da Pol\u00edcia Civil do Maranh\u00e3o (CIPC), Delegado Gabriel Carvalho e Neves, destaca a import\u00e2ncia da doa\u00e7\u00e3o desses equipamentos para a Pol\u00edcia Civil: \u201ca maioria do material doado \u00e9 suprimento de inform\u00e1tica que se somar\u00e1 ao parque tecnol\u00f3gico da unidade, conferindo maior capacidade de armazenamento de dados ao servidor da unidade e \u00e0s m\u00e1quinas individuais dos analistas, potencializando ainda mais as possibilidade de a\u00e7\u00f5es de intelig\u00eancia policial notadamente no assessoramento qualificado \u00e0s investiga\u00e7\u00f5es de maior complexidade desenvolvidas pelas unidades policiais.\u201d<\/p>\n<p style=\"text-align: justify;\">Foram doadas, tamb\u00e9m, 18 impressoras que ser\u00e3o todas distribu\u00eddas para as unidades do interior do estado.<\/p>\n<p style=\"text-align: center;\">***<\/p>\n","protected":false},"excerpt":{"rendered":"<p>A Pol\u00edcia Civil do Maranh\u00e3o, por interm\u00e9dio do LAB-LD, firmou parceria com a Receita Federal do Brasil visando o recebimento de doa\u00e7\u00e3o de suprimentos de inform\u00e1tica e eletr\u00f4nicos apreendidos por aquele \u00f3rg\u00e3o fiscal. O material doado \u00e0 Pol\u00edcia Civil na \u00faltima quarta-feira, dia 18\/12\/2019, soma o valor estimado de R$ 100 mil. Todos os equipamentos [&hellip;]<\/p>\n","protected":false},"author":3,"featured_media":1130,"comment_status":"open","ping_status":"open","sticky":false,"template":"","format":"standard","meta":{"jetpack_post_was_ever_published":false,"_jetpack_newsletter_access":"","_jetpack_newsletter_tier_id":0,"footnotes":"","jetpack_publicize_message":"","jetpack_is_tweetstorm":false,"jetpack_publicize_feature_enabled":true,"jetpack_social_post_already_shared":true,"jetpack_social_options":{"image_generator_settings":{"template":"highway","enabled":false}}},"categories":[1],"tags":[],"yst_prominent_words":[729,67,70,391,389,726,82,65,59,56,721,75],"jetpack_publicize_connections":[],"jetpack_featured_media_url":"https:\/\/www.policiacivil.ma.gov.br\/labld\/wp-content\/uploads\/2019\/12\/rfb.jpg","jetpack_sharing_enabled":true,"jetpack_shortlink":"https:\/\/wp.me\/p8TCZr-id","_links":{"self":[{"href":"https:\/\/www.policiacivil.ma.gov.br\/labld\/wp-json\/wp\/v2\/posts\/1129"}],"collection":[{"href":"https:\/\/www.policiacivil.ma.gov.br\/labld\/wp-json\/wp\/v2\/posts"}],"about":[{"href":"https:\/\/www.policiacivil.ma.gov.br\/labld\/wp-json\/wp\/v2\/types\/post"}],"author":[{"embeddable":true,"href":"https:\/\/www.policiacivil.ma.gov.br\/labld\/wp-json\/wp\/v2\/users\/3"}],"replies":[{"embeddable":true,"href":"https:\/\/www.policiacivil.ma.gov.br\/labld\/wp-json\/wp\/v2\/comments?post=1129"}],"version-history":[{"count":5,"href":"https:\/\/www.policiacivil.ma.gov.br\/labld\/wp-json\/wp\/v2\/posts\/1129\/revisions"}],"predecessor-version":[{"id":1238,"href":"https:\/\/www.policiacivil.ma.gov.br\/labld\/wp-json\/wp\/v2\/posts\/1129\/revisions\/1238"}],"wp:featuredmedia":[{"embeddable":true,"href":"https:\/\/www.policiacivil.ma.gov.br\/labld\/wp-json\/wp\/v2\/media\/1130"}],"wp:attachment":[{"href":"https:\/\/www.policiacivil.ma.gov.br\/labld\/wp-json\/wp\/v2\/media?parent=1129"}],"wp:term":[{"taxonomy":"category","embeddable":true,"href":"https:\/\/www.policiacivil.ma.gov.br\/labld\/wp-json\/wp\/v2\/categories?post=1129"},{"taxonomy":"post_tag","embeddable":true,"href":"https:\/\/www.policiacivil.ma.gov.br\/labld\/wp-json\/wp\/v2\/tags?post=1129"},{"taxonomy":"yst_prominent_words","embeddable":true,"href":"https:\/\/www.policiacivil.ma.gov.br\/labld\/wp-json\/wp\/v2\/yst_prominent_words?post=1129"}],"curies":[{"name":"wp","href":"https:\/\/api.w.org\/{rel}","templated":true}]}}