{"id":1100,"date":"2019-10-28T10:54:09","date_gmt":"2019-10-28T13:54:09","guid":{"rendered":"https:\/\/www.policiacivil.ma.gov.br\/labld\/?p=1100"},"modified":"2019-10-28T10:54:09","modified_gmt":"2019-10-28T13:54:09","slug":"policia-civil-deflagra-operacao-tiro-certo-prende-suspeitos-apreende-drogas-e-foca-nas-movimentacoes-financeiras-do-crime","status":"publish","type":"post","link":"https:\/\/www.policiacivil.ma.gov.br\/labld\/policia-civil-deflagra-operacao-tiro-certo-prende-suspeitos-apreende-drogas-e-foca-nas-movimentacoes-financeiras-do-crime\/","title":{"rendered":"POL\u00cdCIA CIVIL DEFLAGRA \u2018OPERA\u00c7\u00c3O TIRO CERTO\u2019, PRENDE SUSPEITOS, APREENDE DROGAS E FOCA NAS MOVIMENTA\u00c7\u00d5ES FINANCEIRAS DO CRIME"},"content":{"rendered":"<p style=\"text-align: justify;\">No \u00faltimo dia 19\/10\/2019, a Pol\u00edcia Civil do Maranh\u00e3o deflagrou a segunda fase da \u201copera\u00e7\u00e3o tiro certo\u201d. A opera\u00e7\u00e3o foi realizada conjuntamente pela SEIC e pela SENARC (superintend\u00eancias especializadas de investiga\u00e7\u00f5es criminais e repress\u00e3o ao narcotr\u00e1fico, respectivamente) e resultou na pris\u00e3o de 08 suspeitos e na apreens\u00e3o de 52 tabletes de drogas (crack e maconha), dispositivos eletr\u00f4nicos e de dinheiro em esp\u00e9cie. Um homem foi autuado em flagrante, tamb\u00e9m, por posse de arma de fogo de uso permitido.<\/p>\n<p style=\"text-align: justify;\">\u201cContas banc\u00e1rias da fac\u00e7\u00e3o foram bloqueadas, onde estima-se que o grupo criminoso possa ter movimentado valores superiores a R$ 800.000,00\u201d. A segunda fase da \u201copera\u00e7\u00e3o tiro certo\u201d tinha como principal finalidade cumprir mandados de pris\u00e3o e busca e apreens\u00e3o em desfavor de integrantes de uma fac\u00e7\u00e3o criminosa na capital. Eles seriam respons\u00e1veis pela movimenta\u00e7\u00e3o financeira e patrimonial do grupo criminoso.<\/p>\n<p style=\"text-align: justify;\">A \u201cprimeira fase da opera\u00e7\u00e3o tiro certo\u201d havia sido deflagrada em abril do corrente ano (2019), oportunidade em que a Pol\u00edcia Civil deu cumprimento a 25 mandados de buscas e apreens\u00e3o e 15 mandados de pris\u00e3o, tamb\u00e9m em desfavor de integrantes respons\u00e1veis pelo n\u00facleo financeiro da fac\u00e7\u00e3o criminosa.<\/p>\n<p style=\"text-align: center;\">***<\/p>\n","protected":false},"excerpt":{"rendered":"<p>No \u00faltimo dia 19\/10\/2019, a Pol\u00edcia Civil do Maranh\u00e3o deflagrou a segunda fase da \u201copera\u00e7\u00e3o tiro certo\u201d. A opera\u00e7\u00e3o foi realizada conjuntamente pela SEIC e pela SENARC (superintend\u00eancias especializadas de investiga\u00e7\u00f5es criminais e repress\u00e3o ao narcotr\u00e1fico, respectivamente) e resultou na pris\u00e3o de 08 suspeitos e na apreens\u00e3o de 52 tabletes de drogas (crack e maconha), [&hellip;]<\/p>\n","protected":false},"author":3,"featured_media":1101,"comment_status":"open","ping_status":"open","sticky":false,"template":"","format":"standard","meta":{"jetpack_post_was_ever_published":false,"_jetpack_newsletter_access":"","_jetpack_newsletter_tier_id":0,"footnotes":"","jetpack_publicize_message":"","jetpack_is_tweetstorm":false,"jetpack_publicize_feature_enabled":true,"jetpack_social_post_already_shared":true,"jetpack_social_options":{"image_generator_settings":{"template":"highway","enabled":false}}},"categories":[1],"tags":[],"yst_prominent_words":[906,900,907,902,572,895,893,892,901,899,240,898,896,59,319,904,897,894,905,903],"jetpack_publicize_connections":[],"jetpack_featured_media_url":"https:\/\/www.policiacivil.ma.gov.br\/labld\/wp-content\/uploads\/2019\/10\/PCMA.jpg","jetpack_sharing_enabled":true,"jetpack_shortlink":"https:\/\/wp.me\/p8TCZr-hK","_links":{"self":[{"href":"https:\/\/www.policiacivil.ma.gov.br\/labld\/wp-json\/wp\/v2\/posts\/1100"}],"collection":[{"href":"https:\/\/www.policiacivil.ma.gov.br\/labld\/wp-json\/wp\/v2\/posts"}],"about":[{"href":"https:\/\/www.policiacivil.ma.gov.br\/labld\/wp-json\/wp\/v2\/types\/post"}],"author":[{"embeddable":true,"href":"https:\/\/www.policiacivil.ma.gov.br\/labld\/wp-json\/wp\/v2\/users\/3"}],"replies":[{"embeddable":true,"href":"https:\/\/www.policiacivil.ma.gov.br\/labld\/wp-json\/wp\/v2\/comments?post=1100"}],"version-history":[{"count":1,"href":"https:\/\/www.policiacivil.ma.gov.br\/labld\/wp-json\/wp\/v2\/posts\/1100\/revisions"}],"predecessor-version":[{"id":1102,"href":"https:\/\/www.policiacivil.ma.gov.br\/labld\/wp-json\/wp\/v2\/posts\/1100\/revisions\/1102"}],"wp:featuredmedia":[{"embeddable":true,"href":"https:\/\/www.policiacivil.ma.gov.br\/labld\/wp-json\/wp\/v2\/media\/1101"}],"wp:attachment":[{"href":"https:\/\/www.policiacivil.ma.gov.br\/labld\/wp-json\/wp\/v2\/media?parent=1100"}],"wp:term":[{"taxonomy":"category","embeddable":true,"href":"https:\/\/www.policiacivil.ma.gov.br\/labld\/wp-json\/wp\/v2\/categories?post=1100"},{"taxonomy":"post_tag","embeddable":true,"href":"https:\/\/www.policiacivil.ma.gov.br\/labld\/wp-json\/wp\/v2\/tags?post=1100"},{"taxonomy":"yst_prominent_words","embeddable":true,"href":"https:\/\/www.policiacivil.ma.gov.br\/labld\/wp-json\/wp\/v2\/yst_prominent_words?post=1100"}],"curies":[{"name":"wp","href":"https:\/\/api.w.org\/{rel}","templated":true}]}}